{"id":93,"date":"2025-10-13T15:51:16","date_gmt":"2025-10-13T13:51:16","guid":{"rendered":"https:\/\/swiatpoezji.pl\/?p=93"},"modified":"2025-10-13T15:53:20","modified_gmt":"2025-10-13T13:53:20","slug":"interpretacja-muzyczna-do-wiersz-basn-teczowa-adam-asnyk-poezja-spiewana","status":"publish","type":"post","link":"https:\/\/swiatpoezji.pl\/?p=93","title":{"rendered":"Interpretacja muzyczna do wiersz Ba\u015b\u0144 t\u0119czowa &#8211; Adam Asnyk | Poezja \u015apiewana"},"content":{"rendered":"\n<figure class=\"wp-block-embed is-type-video is-provider-youtube wp-block-embed-youtube wp-embed-aspect-16-9 wp-has-aspect-ratio\"><div class=\"wp-block-embed__wrapper\">\n<iframe loading=\"lazy\" title=\"Ba\u015b\u0144 t\u0119czowa - Adam Asnyk | Poezja \u015apiewana | BajeroSfera.pl\" width=\"640\" height=\"360\" src=\"https:\/\/www.youtube.com\/embed\/eIPz_DzqUlQ?feature=oembed\" frameborder=\"0\" allow=\"accelerometer; autoplay; clipboard-write; encrypted-media; gyroscope; picture-in-picture; web-share\" referrerpolicy=\"strict-origin-when-cross-origin\" allowfullscreen><\/iframe>\n<\/div><\/figure>\n\n\n\n<h1 class=\"wp-block-heading\">Ba\u015b\u0144 t\u0119czowa &#8211; Adam Asnyk<\/h1>\n\n\n\n<h2 class=\"wp-block-heading\">Data Powstania<\/h2>\n\n\n\n<p>&#8222;Ba\u015b\u0144 t\u0119czowa&#8221; autorstwa Adama Asnyka to utw\u00f3r, kt\u00f3ry powsta\u0142 w XIX wieku, w okresie M\u0142odej Polski. Dok\u0142adna data powstania wiersza nie jest powszechnie znana, jednak jego styl i tematyka wpisuj\u0105 si\u0119 w charakterystyczne dla tamtych czas\u00f3w zainteresowanie symbolizmem, natur\u0105 i uczuciami.<\/p>\n\n\n\n<h2 class=\"wp-block-heading\">Interpretacja Wiersza<\/h2>\n\n\n\n<p>&#8222;Ba\u015b\u0144 t\u0119czowa&#8221; jest jednym z tych utwor\u00f3w, kt\u00f3re wpisuj\u0105 si\u0119 w nurt romantyczny i symbolistyczny, gdzie natura i emocje odgrywaj\u0105 kluczow\u0105 rol\u0119. Wiersz jest pe\u0142en metaforycznych odniesie\u0144, kt\u00f3re mo\u017cna interpretowa\u0107 na r\u00f3\u017cne sposoby.<\/p>\n\n\n\n<h3 class=\"wp-block-heading\">T\u0119cza jako Symbol<\/h3>\n\n\n\n<p>T\u0119cza w tym wierszu stanowi g\u0142\u00f3wny symbol, kt\u00f3ry mo\u017cna interpretowa\u0107 jako most \u0142\u0105cz\u0105cy ziemi\u0119 z niebem. Jest to symbol nadziei, harmonii i pi\u0119kna, kt\u00f3re cz\u0119sto pojawia si\u0119 po burzy, symbolizuj\u0105c spok\u00f3j po trudnych czasach.<\/p>\n\n\n\n<h3 class=\"wp-block-heading\">Natura i Uczucia<\/h3>\n\n\n\n<p>Asnyk w swoim wierszu cz\u0119sto odnosi si\u0119 do natury, co jest typowe dla poezji romantycznej. Natura w &#8222;Ba\u015bni t\u0119czowej&#8221; mo\u017ce by\u0107 postrzegana jako t\u0142o dla ludzkich emocji. T\u0119cza, jako zjawisko naturalne, nawi\u0105zuje do ulotno\u015bci chwil i pi\u0119kna, kt\u00f3re mo\u017cna znale\u017a\u0107 w codziennym \u017cyciu, ale kt\u00f3re \u0142atwo przeoczy\u0107.<\/p>\n\n\n\n<h3 class=\"wp-block-heading\">Symbolizm i Refleksja<\/h3>\n\n\n\n<p>Wiersz zach\u0119ca do refleksji nad przemijaniem i warto\u015bci\u0105 chwil obecnych. T\u0119cza, b\u0119d\u0105ca chwilowym zjawiskiem, przypomina o krucho\u015bci \u017cycia i potrzebie docenienia pi\u0119kna w ka\u017cdej chwili.<\/p>\n\n\n\n<h3 class=\"wp-block-heading\">Przes\u0142anie Utworu<\/h3>\n\n\n\n<p>&#8222;Ba\u015b\u0144 t\u0119czowa&#8221; niesie ze sob\u0105 przes\u0142anie o poszukiwaniu pi\u0119kna i nadziei nawet w najciemniejszych momentach \u017cycia. Asnyk, poprzez swoje poetyckie obrazy, zach\u0119ca czytelnika do dostrze\u017cenia pi\u0119kna wok\u00f3\u0142 siebie i czerpania z niego si\u0142y.<\/p>\n\n\n\n<p>Podsumowuj\u0105c, &#8222;Ba\u015b\u0144 t\u0119czowa&#8221; Adama Asnyka to utw\u00f3r, kt\u00f3ry poprzez symbolik\u0119 t\u0119czy porusza tematy nadziei, przemijania i pi\u0119kna natury, pozostawiaj\u0105c czytelnika z refleksj\u0105 nad warto\u015bci\u0105 chwil obecnych.<\/p>\n\n\n\n<p>O UTWORZE &#8212; S\u0142owa na podstawie poezji: Adam Asnyk Koncepcja i produkcja: \u202a@bajerosfera\u202c Realizacja: Z wykorzystaniem technologii AI<\/p>\n\n\n\n<p>photo Image by <a href=\"https:\/\/pixabay.com\/users\/drassari-3654358\/?utm_source=link-attribution&amp;utm_medium=referral&amp;utm_campaign=image&amp;utm_content=2063246\">Drassari<\/a> from <a href=\"https:\/\/pixabay.com\/\/?utm_source=link-attribution&amp;utm_medium=referral&amp;utm_campaign=image&amp;utm_content=2063246\">Pixabay<\/a><\/p>\n","protected":false},"excerpt":{"rendered":"<p>Ba\u015b\u0144 t\u0119czowa &#8211; Adam Asnyk Data Powstania &#8222;Ba\u015b\u0144 t\u0119czowa&#8221; autorstwa Adama Asnyka to utw\u00f3r, kt\u00f3ry powsta\u0142 w XIX wieku, w okresie M\u0142odej Polski. Dok\u0142adna data powstania wiersza nie jest powszechnie znana, jednak jego styl i tematyka wpisuj\u0105 si\u0119 w charakterystyczne dla tamtych czas\u00f3w zainteresowanie symbolizmem, natur\u0105 i uczuciami. Interpretacja Wiersza &#8222;Ba\u015b\u0144 t\u0119czowa&#8221; jest jednym z&#8230;<\/p>\n","protected":false},"author":2,"featured_media":98,"comment_status":"open","ping_status":"open","sticky":false,"template":"","format":"standard","meta":{"footnotes":""},"categories":[1],"tags":[],"class_list":["post-93","post","type-post","status-publish","format-standard","has-post-thumbnail","hentry","category-bez-kategorii"],"_links":{"self":[{"href":"https:\/\/swiatpoezji.pl\/index.php?rest_route=\/wp\/v2\/posts\/93","targetHints":{"allow":["GET"]}}],"collection":[{"href":"https:\/\/swiatpoezji.pl\/index.php?rest_route=\/wp\/v2\/posts"}],"about":[{"href":"https:\/\/swiatpoezji.pl\/index.php?rest_route=\/wp\/v2\/types\/post"}],"author":[{"embeddable":true,"href":"https:\/\/swiatpoezji.pl\/index.php?rest_route=\/wp\/v2\/users\/2"}],"replies":[{"embeddable":true,"href":"https:\/\/swiatpoezji.pl\/index.php?rest_route=%2Fwp%2Fv2%2Fcomments&post=93"}],"version-history":[{"count":4,"href":"https:\/\/swiatpoezji.pl\/index.php?rest_route=\/wp\/v2\/posts\/93\/revisions"}],"predecessor-version":[{"id":99,"href":"https:\/\/swiatpoezji.pl\/index.php?rest_route=\/wp\/v2\/posts\/93\/revisions\/99"}],"wp:featuredmedia":[{"embeddable":true,"href":"https:\/\/swiatpoezji.pl\/index.php?rest_route=\/wp\/v2\/media\/98"}],"wp:attachment":[{"href":"https:\/\/swiatpoezji.pl\/index.php?rest_route=%2Fwp%2Fv2%2Fmedia&parent=93"}],"wp:term":[{"taxonomy":"category","embeddable":true,"href":"https:\/\/swiatpoezji.pl\/index.php?rest_route=%2Fwp%2Fv2%2Fcategories&post=93"},{"taxonomy":"post_tag","embeddable":true,"href":"https:\/\/swiatpoezji.pl\/index.php?rest_route=%2Fwp%2Fv2%2Ftags&post=93"}],"curies":[{"name":"wp","href":"https:\/\/api.w.org\/{rel}","templated":true}]}}